{"id":6791,"date":"2026-02-20T13:37:13","date_gmt":"2026-02-20T12:37:13","guid":{"rendered":"https:\/\/deloaenergy.it\/erdbeben\/"},"modified":"2026-02-20T13:37:13","modified_gmt":"2026-02-20T12:37:13","slug":"erdbeben","status":"publish","type":"post","link":"https:\/\/deloaenergy.it\/de\/erdbeben\/","title":{"rendered":"Erdbeben"},"content":{"rendered":"<p>Die ARERA hat den <a href=\"https:\/\/www.arera.it\/atti-e-provvedimenti\/dettaglio\/26\/3-26\">Beschluss 3\/2026\/R\/com<\/a> ver\u00f6ffentlicht, der die im Haushaltsgesetz 2026 vorgesehenen Bestimmungen umsetzt und die Tarifverg\u00fcnstigungen bis zum 31. Dezember 2026 verl\u00e4ngert. Dies gilt f\u00fcr Anschl\u00fcsse in den sogenannten &#8222;roten Zonen&#8220; sowie f\u00fcr Immobilien in Mittelitalien und den Gemeinden Casamicciola Terme, Lacco Ameno und Forio, die von den Erdbeben 2016 und 2017 betroffen waren und bis zum 30. April 2021 f\u00fcr unbewohnbar erkl\u00e4rt wurden.<\/p>\n<p><b><i>ERDBEBEN AUF ISCHIA VOM 21. AUGUST 2017<\/i><\/b><\/p>\n<p><i><span style=\"font-weight: 400;\">Nach der Ver\u00f6ffentlichung des Beschlusses <a href=\"https:\/\/www.arera.it\/atti-e-provvedimenti\/dettaglio\/26\/3-26\">3\/2026\/R\/com<\/a> wurden die Tarifverg\u00fcnstigungen, die von der Beh\u00f6rde (gem\u00e4\u00df Beschluss <a href=\"https:\/\/www.arera.it\/allegati\/docs\/20\/429-20ti.pdf\">429\/2020\/R\/com<\/a>) f\u00fcr Eigent\u00fcmer von Anschl\u00fcssen in unbewohnbaren Geb\u00e4uden in Casamicciola Terme, Lacco Ameno und Forio vorgesehen sind, bis zum 31. Dezember 2026 verl\u00e4ngert und werden im regul\u00e4ren Abrechnungszyklus gew\u00e4hrt.<\/span><\/i><\/p>\n<p><i><span style=\"font-weight: 400;\">Diese Verg\u00fcnstigungen werden wie folgt gew\u00e4hrt:<\/span><\/i><\/p>\n<ul>\n<li style=\"font-weight: 400;\" aria-level=\"1\"><i><span style=\"font-weight: 400;\">f\u00fcr als unbewohnbar\/unnutzbar eingestufte Anschl\u00fcsse und Lieferungen, deren erfasster Verbrauch im Jahr 2025 gleich null war;<\/span><\/i><\/li>\n<\/ul>\n<ul>\n<li style=\"font-weight: 400;\" aria-level=\"1\">f\u00fcr als unbewohnbar\/unnutzbar eingestufte Anschl\u00fcsse und Lieferungen, deren erfasster Verbrauch im Jahr 2025 \u00fcber null lag, sofern der Betreiber bis zum 31. M\u00e4rz 2026<i><span style=\"font-weight: 400;\"> <\/span><\/i>einen entsprechenden Antrag auf Gew\u00e4hrung der Verg\u00fcnstigungen erh\u00e4lt.<\/li>\n<\/ul>\n<ul>\n<li style=\"font-weight: 400;\" aria-level=\"1\">eine Ersatzerkl\u00e4rung im Wege einer Notariatsakte (dichiarazione sostitutiva di atto notorio) \u00fcber das Fortbestehen der Unbewohnbarkeit der Immobilieneinheit, die bereits bis zum 30. April 2021 den \u00f6rtlich zust\u00e4ndigen \u00c4mtern der Agentur der Einnahmen (Agenzia delle Entrate) und des INPS gemeldet wurde;<i><span style=\"font-weight: 400;\"><\/span><\/i> <\/li>\n<\/ul>\n<ul>\n<li style=\"font-weight: 400;\" aria-level=\"1\">die Identifikationsdaten des Vertrages, einschlie\u00dflich der Art der Strom- und\/oder Erdgasversorgung der betroffenen Immobilieneinheit<\/li>\n<\/ul>\n<p><b><i>ERDBEBEN IN MITTELITALIEN VOM 24. AUGUST 2016, 26. OKTOBER 2016 UND 18. JANUAR 2017<\/i><\/b><i><span style=\"font-weight: 400;\"> <\/span><\/i><\/p>\n<p><i><span style=\"font-weight: 400;\">Der Beschluss 3\/2026\/R\/com sieht vor, dass f\u00fcr Inhaber von Anschl\u00fcssen und Lieferungen in den Gemeinden, die in den Anh\u00e4ngen des Gesetzesdekrets Nr. 189\/2016 aufgef\u00fchrt sind, die Tarifverg\u00fcnstigungen gem\u00e4\u00df dem Beschluss 252\/2017\/R\/com und nachfolgenden \u00c4nderungen bis zum 31. Dezember 2026 verl\u00e4ngert werden.<\/span><\/i><\/p>\n<p><i><span style=\"font-weight: 400;\">Demnach werden folgende Posten nicht in Rechnung gestellt: die Tarifkomponenten zur Deckung der Netzwerkkosten; die Tarifkomponenten in Bezug auf die allgemeinen Systemgeb\u00fchren; weitere von den Regulierungsbeh\u00f6rden vorgesehene Komponenten; die Entgelte f\u00fcr Neuanschl\u00fcsse<\/span><\/i><i><span style=\"font-weight: 400;\"><br \/>\n<\/span><\/i><i><span style=\"font-weight: 400;\">Deaktivierungen, Reaktivierungen und Umschreibungen (Volturen) der Anschl\u00fcsse.<\/span><\/i><\/p>\n<p><i><span style=\"font-weight: 400;\">Diese Verg\u00fcnstigungen werden wie folgt gew\u00e4hrt:<\/span><\/i><\/p>\n<ul>\n<li style=\"font-weight: 400;\" aria-level=\"1\"><i><span style=\"font-weight: 400;\">f\u00fcr Anschl\u00fcsse und Versorgungen in den roten Zonen Mittelitaliens, sofern sie zum Zeitpunkt der Erdbeben aktiv waren und ihr im Jahr 2025 ermittelter Verbrauch bei null liegt;<\/span><\/i><\/li>\n<\/ul>\n<ul>\n<li style=\"font-weight: 400;\" aria-level=\"1\"><i><span style=\"font-weight: 400;\">f\u00fcr Anschl\u00fcsse in den roten Zonen Mittelitaliens, sofern sie zum Zeitpunkt der Erdbeben aktiv waren, die im Jahr 2025 einen Verbrauch gr\u00f6\u00dfer als null verzeichnet haben und die bis zum 31. M\u00e4rz 2026 einen entsprechenden Antrag beim Betreiber einreichen. Der Antrag muss Folgendes enthalten:<\/span><\/i><\/li>\n<\/ul>\n<ul>\n<li style=\"font-weight: 400;\" aria-level=\"1\">Eine eidesstattliche Erkl\u00e4rung \u00fcber den fortbestehenden Zustand der Unbewohnbarkeit der Immobilieneinheit, festgestellt durch eine zwischen dem 24. August 2016 und dem 25. Juli 2018 erlassene B\u00fcrgermeisterverordnung;<\/li>\n<\/ul>\n<ul>\n<li style=\"font-weight: 400;\" aria-level=\"1\"> Identifikationsmerkmale des Strom- und\/oder Gasliefervertrags.<\/li>\n<\/ul>\n<p> <i><span style=\"font-weight: 400;\">WER F\u00c4LLT UNTER DIE VERG\u00dcNSTIGUNGEN?<\/span><\/i><i><span style=\"font-weight: 400;\"><\/span><\/p>\n<ul>\n<li style=\"font-weight: 400;\" aria-level=\"1\"><i><span style=\"font-weight: 400;\">Kunden, die Inhaber von Anschl\u00fcssen in den Gemeinden sind, die in den Anh\u00e4ngen des Gesetzesdekrets Nr. 189\/2016 aufgef\u00fchrt sind;<\/span><\/i><\/li>\n<\/ul>\n<p><\/i><\/p>\n<ul>\n<li style=\"font-weight: 400;\" aria-level=\"1\">Kunden, die aufgrund der Unbewohnbarkeit ihrer Immobilie neue Anschl\u00fcsse aktiviert haben, sofern sie eine Eigenerkl\u00e4rung (autocertificazione), die FAST- oder AEDES-Dokumentation sowie eine Kopie des Personalausweises einreichen;<\/li>\n<\/ul>\n<ul>\n<li style=\"font-weight: 400;\" aria-level=\"1\">Kunden gem\u00e4\u00df Art. 2.1 Buchstaben e), f), g) und h) des Beschlusses 252\/2017\/R\/com, die bis zum 31. Dezember 2020 einen entsprechenden Antrag gestellt haben.<\/li>\n<\/ul>\n<p>Dar\u00fcber hinaus bleiben die Verg\u00fcnstigungen f\u00fcr Notunterk\u00fcnfte (SAE und MAPRE) bis zum Abschluss des Wiederaufbaus oder bis zum Antrag auf Deaktivierung oder Umschreibung (Voltura) des Anschlusses bestehen.<br \/>\nEmpf\u00e4nger von Beihilfen f\u00fcr die selbstst\u00e4ndige Unterbringung (contributi per l&#8217;autonoma sistemazione), die als neue Inhaber die Vertr\u00e4ge von Anschl\u00fcssen \u00fcbernehmen, m\u00fcssen innerhalb von 30 Tagen nach dem Einzug in die Notunterkunft einen entsprechenden Antrag an die Anbieter und Betreiber des integrierten Informationssystems (SII) \u00fcbermitteln. Dabei ist die Zuweisung der Immobilie durch die Gemeinde oder eine andere \u00f6ffentliche Einrichtung infolge der ab dem 24. August 2016 aufgetretenen Erdbeben mittels Eigenerkl\u00e4rung zu bescheinigen.<\/p>\n","protected":false},"excerpt":{"rendered":"<p>Die ARERA hat den Beschluss 3\/2026\/R\/com ver\u00f6ffentlicht, der die im Haushaltsgesetz 2026 vorgesehenen Bestimmungen umsetzt und die Tarifverg\u00fcnstigungen bis zum 31. Dezember 2026 verl\u00e4ngert. Dies gilt f\u00fcr Anschl\u00fcsse in den sogenannten &#8222;roten Zonen&#8220; sowie f\u00fcr Immobilien in Mittelitalien und den Gemeinden Casamicciola Terme, Lacco Ameno und Forio, die von den Erdbeben 2016 und 2017 betroffen [&hellip;]<\/p>\n","protected":false},"author":1,"featured_media":0,"comment_status":"open","ping_status":"open","sticky":false,"template":"","format":"standard","meta":{"footnotes":"","_links_to":"","_links_to_target":""},"categories":[46],"tags":[],"class_list":["post-6791","post","type-post","status-publish","format-standard","hentry","category-vorschriften"],"yoast_head":"<!-- This site is optimized with the Yoast SEO Premium plugin v26.7 (Yoast SEO v28.4) - https:\/\/yoast.com\/product\/yoast-seo-premium-wordpress\/ -->\n<title>Erdbeben | Deloa Energy<\/title>\n<meta name=\"robots\" content=\"index, follow, max-snippet:-1, max-image-preview:large, max-video-preview:-1\" \/>\n<link rel=\"canonical\" href=\"https:\/\/deloaenergy.it\/de\/erdbeben\/\" \/>\n<meta property=\"og:locale\" content=\"de_DE\" \/>\n<meta property=\"og:type\" content=\"article\" \/>\n<meta property=\"og:title\" content=\"Erdbeben\" \/>\n<meta property=\"og:description\" content=\"Die ARERA hat den Beschluss 3\/2026\/R\/com ver\u00f6ffentlicht, der die im Haushaltsgesetz 2026 vorgesehenen Bestimmungen umsetzt und die Tarifverg\u00fcnstigungen bis zum 31. Dezember 2026 verl\u00e4ngert. Dies gilt f\u00fcr Anschl\u00fcsse in den sogenannten &#8222;roten Zonen&#8220; sowie f\u00fcr Immobilien in Mittelitalien und den Gemeinden Casamicciola Terme, Lacco Ameno und Forio, die von den Erdbeben 2016 und 2017 betroffen [&hellip;]\" \/>\n<meta property=\"og:url\" content=\"https:\/\/deloaenergy.it\/de\/erdbeben\/\" \/>\n<meta property=\"og:site_name\" content=\"Deloa Energy\" \/>\n<meta property=\"article:published_time\" content=\"2026-02-20T12:37:13+00:00\" \/>\n<meta property=\"og:image\" content=\"https:\/\/deloaenergy.it\/wp-content\/uploads\/2026\/01\/Nuovo-progetto-1.webp\" \/>\n\t<meta property=\"og:image:width\" content=\"1112\" \/>\n\t<meta property=\"og:image:height\" content=\"388\" \/>\n\t<meta property=\"og:image:type\" content=\"image\/webp\" \/>\n<meta name=\"author\" content=\"devisioncomm\" \/>\n<meta name=\"twitter:card\" content=\"summary_large_image\" \/>\n<meta name=\"twitter:label1\" content=\"Verfasst von\" \/>\n\t<meta name=\"twitter:data1\" content=\"devisioncomm\" \/>\n\t<meta name=\"twitter:label2\" content=\"Gesch\u00e4tzte Lesezeit\" \/>\n\t<meta name=\"twitter:data2\" content=\"3\u00a0Minuten\" \/>\n<script type=\"application\/ld+json\" class=\"yoast-schema-graph\">{\"@context\":\"https:\\\/\\\/schema.org\",\"@graph\":[{\"@type\":\"Article\",\"@id\":\"https:\\\/\\\/deloaenergy.it\\\/de\\\/erdbeben\\\/#article\",\"isPartOf\":{\"@id\":\"https:\\\/\\\/deloaenergy.it\\\/de\\\/erdbeben\\\/\"},\"author\":{\"name\":\"devisioncomm\",\"@id\":\"https:\\\/\\\/deloaenergy.it\\\/de\\\/#\\\/schema\\\/person\\\/eb4ad946d8389552374d39c6e473d2b3\"},\"headline\":\"Erdbeben\",\"datePublished\":\"2026-02-20T12:37:13+00:00\",\"mainEntityOfPage\":{\"@id\":\"https:\\\/\\\/deloaenergy.it\\\/de\\\/erdbeben\\\/\"},\"wordCount\":641,\"commentCount\":0,\"publisher\":{\"@id\":\"https:\\\/\\\/deloaenergy.it\\\/de\\\/#organization\"},\"articleSection\":[\"Vorschriften\"],\"inLanguage\":\"de\",\"potentialAction\":[{\"@type\":\"CommentAction\",\"name\":\"Comment\",\"target\":[\"https:\\\/\\\/deloaenergy.it\\\/de\\\/erdbeben\\\/#respond\"]}]},{\"@type\":\"WebPage\",\"@id\":\"https:\\\/\\\/deloaenergy.it\\\/de\\\/erdbeben\\\/\",\"url\":\"https:\\\/\\\/deloaenergy.it\\\/de\\\/erdbeben\\\/\",\"name\":\"Erdbeben | Deloa Energy\",\"isPartOf\":{\"@id\":\"https:\\\/\\\/deloaenergy.it\\\/de\\\/#website\"},\"datePublished\":\"2026-02-20T12:37:13+00:00\",\"breadcrumb\":{\"@id\":\"https:\\\/\\\/deloaenergy.it\\\/de\\\/erdbeben\\\/#breadcrumb\"},\"inLanguage\":\"de\",\"potentialAction\":[{\"@type\":\"ReadAction\",\"target\":[\"https:\\\/\\\/deloaenergy.it\\\/de\\\/erdbeben\\\/\"]}]},{\"@type\":\"BreadcrumbList\",\"@id\":\"https:\\\/\\\/deloaenergy.it\\\/de\\\/erdbeben\\\/#breadcrumb\",\"itemListElement\":[{\"@type\":\"ListItem\",\"position\":1,\"name\":\"Home\",\"item\":\"https:\\\/\\\/deloaenergy.it\\\/de\\\/home-seit\\\/\"},{\"@type\":\"ListItem\",\"position\":2,\"name\":\"Erdbeben\"}]},{\"@type\":\"WebSite\",\"@id\":\"https:\\\/\\\/deloaenergy.it\\\/de\\\/#website\",\"url\":\"https:\\\/\\\/deloaenergy.it\\\/de\\\/\",\"name\":\"Deloa Energy\",\"description\":\"L&#039;energia che non c&#039;era.\",\"publisher\":{\"@id\":\"https:\\\/\\\/deloaenergy.it\\\/de\\\/#organization\"},\"potentialAction\":[{\"@type\":\"SearchAction\",\"target\":{\"@type\":\"EntryPoint\",\"urlTemplate\":\"https:\\\/\\\/deloaenergy.it\\\/de\\\/?s={search_term_string}\"},\"query-input\":{\"@type\":\"PropertyValueSpecification\",\"valueRequired\":true,\"valueName\":\"search_term_string\"}}],\"inLanguage\":\"de\"},{\"@type\":\"Organization\",\"@id\":\"https:\\\/\\\/deloaenergy.it\\\/de\\\/#organization\",\"name\":\"Deloa Energy\",\"url\":\"https:\\\/\\\/deloaenergy.it\\\/de\\\/\",\"logo\":{\"@type\":\"ImageObject\",\"inLanguage\":\"de\",\"@id\":\"https:\\\/\\\/deloaenergy.it\\\/de\\\/#\\\/schema\\\/logo\\\/image\\\/\",\"url\":\"https:\\\/\\\/deloaenergy.it\\\/wp-content\\\/uploads\\\/2026\\\/01\\\/Nuovo-progetto-1.webp\",\"contentUrl\":\"https:\\\/\\\/deloaenergy.it\\\/wp-content\\\/uploads\\\/2026\\\/01\\\/Nuovo-progetto-1.webp\",\"width\":1112,\"height\":388,\"caption\":\"Deloa Energy\"},\"image\":{\"@id\":\"https:\\\/\\\/deloaenergy.it\\\/de\\\/#\\\/schema\\\/logo\\\/image\\\/\"},\"description\":\"Abbiamo accorciato la distanza tra la natura e le tue necessit\u00e0. In Deloa Energy, la filiera corta \u00e8 la chiave per un rapporto nuovo con luce e gas: nessuna complessit\u00e0, zero sprechi, solo la forza di un\u2019energia consapevole che costruisce la tua vera autonomia sostenibile.\",\"email\":\"info@deloaenergy.it\",\"telephone\":\"\u202d+39 0471 1726559\u202c\",\"legalName\":\"DELOA ENERGY S.R.L.\",\"vatID\":\"03317680217\",\"taxID\":\"03317680217\",\"numberOfEmployees\":{\"@type\":\"QuantitativeValue\",\"minValue\":\"1\",\"maxValue\":\"10\"}},{\"@type\":\"Person\",\"@id\":\"https:\\\/\\\/deloaenergy.it\\\/de\\\/#\\\/schema\\\/person\\\/eb4ad946d8389552374d39c6e473d2b3\",\"name\":\"devisioncomm\",\"image\":{\"@type\":\"ImageObject\",\"inLanguage\":\"de\",\"@id\":\"https:\\\/\\\/secure.gravatar.com\\\/avatar\\\/e5a528f9e5396ea74cbca346432725c1cd5da83cab4233da826f5532afdbfbcb?s=96&d=mm&r=g\",\"url\":\"https:\\\/\\\/secure.gravatar.com\\\/avatar\\\/e5a528f9e5396ea74cbca346432725c1cd5da83cab4233da826f5532afdbfbcb?s=96&d=mm&r=g\",\"contentUrl\":\"https:\\\/\\\/secure.gravatar.com\\\/avatar\\\/e5a528f9e5396ea74cbca346432725c1cd5da83cab4233da826f5532afdbfbcb?s=96&d=mm&r=g\",\"caption\":\"devisioncomm\"},\"sameAs\":[\"https:\\\/\\\/deloaenergy.it\"]}]}<\/script>\n<!-- \/ Yoast SEO Premium plugin. -->","yoast_head_json":{"title":"Erdbeben | Deloa Energy","robots":{"index":"index","follow":"follow","max-snippet":"max-snippet:-1","max-image-preview":"max-image-preview:large","max-video-preview":"max-video-preview:-1"},"canonical":"https:\/\/deloaenergy.it\/de\/erdbeben\/","og_locale":"de_DE","og_type":"article","og_title":"Erdbeben","og_description":"Die ARERA hat den Beschluss 3\/2026\/R\/com ver\u00f6ffentlicht, der die im Haushaltsgesetz 2026 vorgesehenen Bestimmungen umsetzt und die Tarifverg\u00fcnstigungen bis zum 31. Dezember 2026 verl\u00e4ngert. Dies gilt f\u00fcr Anschl\u00fcsse in den sogenannten &#8222;roten Zonen&#8220; sowie f\u00fcr Immobilien in Mittelitalien und den Gemeinden Casamicciola Terme, Lacco Ameno und Forio, die von den Erdbeben 2016 und 2017 betroffen [&hellip;]","og_url":"https:\/\/deloaenergy.it\/de\/erdbeben\/","og_site_name":"Deloa Energy","article_published_time":"2026-02-20T12:37:13+00:00","og_image":[{"width":1112,"height":388,"url":"https:\/\/deloaenergy.it\/wp-content\/uploads\/2026\/01\/Nuovo-progetto-1.webp","type":"image\/webp"}],"author":"devisioncomm","twitter_card":"summary_large_image","twitter_misc":{"Verfasst von":"devisioncomm","Gesch\u00e4tzte Lesezeit":"3\u00a0Minuten"},"schema":{"@context":"https:\/\/schema.org","@graph":[{"@type":"Article","@id":"https:\/\/deloaenergy.it\/de\/erdbeben\/#article","isPartOf":{"@id":"https:\/\/deloaenergy.it\/de\/erdbeben\/"},"author":{"name":"devisioncomm","@id":"https:\/\/deloaenergy.it\/de\/#\/schema\/person\/eb4ad946d8389552374d39c6e473d2b3"},"headline":"Erdbeben","datePublished":"2026-02-20T12:37:13+00:00","mainEntityOfPage":{"@id":"https:\/\/deloaenergy.it\/de\/erdbeben\/"},"wordCount":641,"commentCount":0,"publisher":{"@id":"https:\/\/deloaenergy.it\/de\/#organization"},"articleSection":["Vorschriften"],"inLanguage":"de","potentialAction":[{"@type":"CommentAction","name":"Comment","target":["https:\/\/deloaenergy.it\/de\/erdbeben\/#respond"]}]},{"@type":"WebPage","@id":"https:\/\/deloaenergy.it\/de\/erdbeben\/","url":"https:\/\/deloaenergy.it\/de\/erdbeben\/","name":"Erdbeben | Deloa Energy","isPartOf":{"@id":"https:\/\/deloaenergy.it\/de\/#website"},"datePublished":"2026-02-20T12:37:13+00:00","breadcrumb":{"@id":"https:\/\/deloaenergy.it\/de\/erdbeben\/#breadcrumb"},"inLanguage":"de","potentialAction":[{"@type":"ReadAction","target":["https:\/\/deloaenergy.it\/de\/erdbeben\/"]}]},{"@type":"BreadcrumbList","@id":"https:\/\/deloaenergy.it\/de\/erdbeben\/#breadcrumb","itemListElement":[{"@type":"ListItem","position":1,"name":"Home","item":"https:\/\/deloaenergy.it\/de\/home-seit\/"},{"@type":"ListItem","position":2,"name":"Erdbeben"}]},{"@type":"WebSite","@id":"https:\/\/deloaenergy.it\/de\/#website","url":"https:\/\/deloaenergy.it\/de\/","name":"Deloa Energy","description":"L&#039;energia che non c&#039;era.","publisher":{"@id":"https:\/\/deloaenergy.it\/de\/#organization"},"potentialAction":[{"@type":"SearchAction","target":{"@type":"EntryPoint","urlTemplate":"https:\/\/deloaenergy.it\/de\/?s={search_term_string}"},"query-input":{"@type":"PropertyValueSpecification","valueRequired":true,"valueName":"search_term_string"}}],"inLanguage":"de"},{"@type":"Organization","@id":"https:\/\/deloaenergy.it\/de\/#organization","name":"Deloa Energy","url":"https:\/\/deloaenergy.it\/de\/","logo":{"@type":"ImageObject","inLanguage":"de","@id":"https:\/\/deloaenergy.it\/de\/#\/schema\/logo\/image\/","url":"https:\/\/deloaenergy.it\/wp-content\/uploads\/2026\/01\/Nuovo-progetto-1.webp","contentUrl":"https:\/\/deloaenergy.it\/wp-content\/uploads\/2026\/01\/Nuovo-progetto-1.webp","width":1112,"height":388,"caption":"Deloa Energy"},"image":{"@id":"https:\/\/deloaenergy.it\/de\/#\/schema\/logo\/image\/"},"description":"Abbiamo accorciato la distanza tra la natura e le tue necessit\u00e0. In Deloa Energy, la filiera corta \u00e8 la chiave per un rapporto nuovo con luce e gas: nessuna complessit\u00e0, zero sprechi, solo la forza di un\u2019energia consapevole che costruisce la tua vera autonomia sostenibile.","email":"info@deloaenergy.it","telephone":"\u202d+39 0471 1726559\u202c","legalName":"DELOA ENERGY S.R.L.","vatID":"03317680217","taxID":"03317680217","numberOfEmployees":{"@type":"QuantitativeValue","minValue":"1","maxValue":"10"}},{"@type":"Person","@id":"https:\/\/deloaenergy.it\/de\/#\/schema\/person\/eb4ad946d8389552374d39c6e473d2b3","name":"devisioncomm","image":{"@type":"ImageObject","inLanguage":"de","@id":"https:\/\/secure.gravatar.com\/avatar\/e5a528f9e5396ea74cbca346432725c1cd5da83cab4233da826f5532afdbfbcb?s=96&d=mm&r=g","url":"https:\/\/secure.gravatar.com\/avatar\/e5a528f9e5396ea74cbca346432725c1cd5da83cab4233da826f5532afdbfbcb?s=96&d=mm&r=g","contentUrl":"https:\/\/secure.gravatar.com\/avatar\/e5a528f9e5396ea74cbca346432725c1cd5da83cab4233da826f5532afdbfbcb?s=96&d=mm&r=g","caption":"devisioncomm"},"sameAs":["https:\/\/deloaenergy.it"]}]}},"_links":{"self":[{"href":"https:\/\/deloaenergy.it\/de\/wp-json\/wp\/v2\/posts\/6791","targetHints":{"allow":["GET"]}}],"collection":[{"href":"https:\/\/deloaenergy.it\/de\/wp-json\/wp\/v2\/posts"}],"about":[{"href":"https:\/\/deloaenergy.it\/de\/wp-json\/wp\/v2\/types\/post"}],"author":[{"embeddable":true,"href":"https:\/\/deloaenergy.it\/de\/wp-json\/wp\/v2\/users\/1"}],"replies":[{"embeddable":true,"href":"https:\/\/deloaenergy.it\/de\/wp-json\/wp\/v2\/comments?post=6791"}],"version-history":[{"count":0,"href":"https:\/\/deloaenergy.it\/de\/wp-json\/wp\/v2\/posts\/6791\/revisions"}],"wp:attachment":[{"href":"https:\/\/deloaenergy.it\/de\/wp-json\/wp\/v2\/media?parent=6791"}],"wp:term":[{"taxonomy":"category","embeddable":true,"href":"https:\/\/deloaenergy.it\/de\/wp-json\/wp\/v2\/categories?post=6791"},{"taxonomy":"post_tag","embeddable":true,"href":"https:\/\/deloaenergy.it\/de\/wp-json\/wp\/v2\/tags?post=6791"}],"curies":[{"name":"wp","href":"https:\/\/api.w.org\/{rel}","templated":true}]}}